{"id":158,"date":"2022-07-02T17:45:55","date_gmt":"2022-07-02T17:45:55","guid":{"rendered":"https:\/\/elcordesantandreu.com\/?p=158"},"modified":"2022-11-20T19:53:25","modified_gmt":"2022-11-20T19:53:25","slug":"25-anys-de-vocacio-de-servei-professional","status":"publish","type":"post","link":"https:\/\/elcordesantandreu.com\/?p=158","title":{"rendered":"25 ANYS DE VOCACI\u00d3 DE SERVEI PROFESSIONAL"},"content":{"rendered":"\n<p>El passat 17 de juny de 2022 <strong>FINCAS SAN ANDRES<\/strong>, amb motiu de la Festa Patronal del <strong><em>Col\u00b7legi d\u2019Administradors de Finques de Barcelona-Lleida<\/em><\/strong> (CAFBL), v\u00e0rem ser reconeguts p\u00fablicament amb un guard\u00f3 especial pels 25 anys de vocaci\u00f3 de servei professional envers els nostres clients, &nbsp;des de la garantia que suposa una col\u00b7legiaci\u00f3 reconeguda per l\u2019Administraci\u00f3 auton\u00f2mica d\u2019habitatge. &nbsp;&nbsp;<\/p>\n\n\n\n<p>Per\u00f2 &#8230;qu\u00e8 fem els administradors per a l\u2019economia de mercat i la societat ? Ara us ho diem ras i curt&nbsp; &#8230;<\/p>\n\n\n\n<p><strong><em>Prestem serveis d\u2019administraci\u00f3 i assessorament, de manera habitual, continuada i retribu\u00efda, tant gestionant <\/em><\/strong><strong><em>comunitats de ve\u00efns com administrant eficientment els lloguers dels nostres clients<\/em><\/strong><em>. &nbsp;<\/em><\/p>\n\n\n\n<p><strong>Som<\/strong>, doncs, <strong>professionals especialitzats en el sector immobiliari<\/strong> i experts en el coneixement i aplicaci\u00f3 de la legislaci\u00f3 jur\u00eddica, laboral i administrativa de la propietat immobili\u00e0ria,&nbsp; <strong>desenvolupant <\/strong><strong>una activitat de gran valor socioecon\u00f2mic<\/strong> que afecta, de forma directa, positiva, pr\u00e0ctica i quotidiana, a la vida dels ciutadans.<\/p>\n\n\n\n<p>Un <a href=\"https:\/\/www.administraciofinques.cat\/puc-confiar-en-el-meu-administrador-de-finques\/\" target=\"_blank\" rel=\"noreferrer noopener\">administrador de finques, <\/a><strong>reconegut i tutelat pel seu col\u00b7legi<\/strong>, permet als propietaris estar tranquils i tenir la confian\u00e7a que la seva propietat sempre estar\u00e0 en bones mans.<\/p>\n\n\n\n<p>Aix\u00ed doncs, ja veieu que <strong>el nostre exercici professional comporta una<\/strong> <strong>gran responsabilitat<\/strong> i exigeix&nbsp;un elevat nivell de coneixements i unes qualitats personals que la converteixen en una de les professions m\u00e9s dif\u00edcils que existeixen i s\u00ed&#8230;moltes vegades no prou reconeguda.&nbsp;<\/p>\n\n\n\n<p>Per\u00f2, permeteu-nos dir vos les <strong>cinc raons<\/strong> per les quals les sis fam\u00edlies <em>andreuenques<\/em> que avui formen <strong>FINCAS SAN ANDRES<\/strong>, &nbsp;v\u00e0rem triar aquell lluny\u00e0 1997 per la col\u00b7legiaci\u00f3 i el sotmetiment als <strong><em>protocols d\u2019\u00e8tica, transpar\u00e8ncia, honradesa, efic\u00e0cia i deontologia del CAFBL.<\/em><\/strong>&nbsp;<\/p>\n\n\n\n<h3 class=\"wp-block-heading\">1\u00ba) perqu\u00e8 ens apassiona gestionar immobles amb criteris professionals, essent ben conscients del seu valor com a b\u00e9 d\u2019inversi\u00f3 i estalvi, <em>i en molts casos com a llegat familiar<\/em>.<\/h3>\n\n\n\n<h3 class=\"wp-block-heading\">&nbsp;<\/h3>\n\n\n\n<h3 class=\"wp-block-heading\">2\u00ba) perqu\u00e8 ens sentim amb el lideratge necessari per a mediar i solucionar conflictes entre els ve\u00efns d\u2019una comunitats de propietaris, aix\u00ed com entre els arrendadors i els seus llogaters.<\/h3>\n\n\n\n<h3 class=\"wp-block-heading\">&nbsp;<\/h3>\n\n\n\n<h3 class=\"wp-block-heading\">3\u00ba) perqu\u00e8 creiem en la llei com la guia que ens permet evitar litigis.<\/h3>\n\n\n\n<h3 class=\"wp-block-heading\">&nbsp;<\/h3>\n\n\n\n<h3 class=\"wp-block-heading\">4\u00ba) perqu\u00e8 sabem com conservar les propietats, ocupant-nos del manteniment de les finques per a millorar la seva rendibilitat<\/h3>\n\n\n\n<h3 class=\"wp-block-heading\">&nbsp;<\/h3>\n\n\n\n<h3 class=\"wp-block-heading\">5\u00ba) perqu\u00e8 gestionant eficientment el lloguer, sota el control i empara de &nbsp;l\u2019Incasol, GARANTIM LA BONA SORT de tots els contractes que formalitzem, assegurant cada mes el cobrament i vetllant any rere any per l\u2019actualitzaci\u00f3 de les rendes.<\/h3>\n\n\n\n<h3 class=\"wp-block-heading\">&nbsp;<\/h3>\n\n\n\n<h3 class=\"wp-block-heading\">I ara que ja saps que pot fer un <em>Administrador de Finques amb 25 anys de passi\u00f3 immobili\u00e0ria<\/em>, ens confies el teu patrimoni per a garantir els teus estalvis i assegurar un llegat als teus fills?<\/h3>\n\n\n\n<h3 class=\"wp-block-heading\">&nbsp;<\/h3>\n\n\n\n<p><strong>Miguel Angel ROMERO POLANCO<\/strong><\/p>\n\n\n\n<p>Administrador de Finques col\u00b7legiat des de 1997<\/p>\n\n\n\n<p>AICAT 1436&nbsp; ( Agent Immobiliari Registrat Gencat )<\/p>\n\n\n\n<p>Gerent de FINCAS SAN ANDRES<\/p>\n","protected":false},"excerpt":{"rendered":"<p>El passat 17 de juny de 2022 FINCAS SAN ANDRES, amb motiu de la Festa Patronal del Col\u00b7legi d\u2019Administradors de Finques de Barcelona-Lleida (CAFBL), v\u00e0rem ser reconeguts p\u00fablicament amb un guard\u00f3 especial pels 25 anys de vocaci\u00f3 de servei professional envers els nostres clients, &nbsp;des de la garantia que suposa una col\u00b7legiaci\u00f3 reconeguda per l\u2019Administraci\u00f3 auton\u00f2mica d\u2019habitatge. &nbsp;&nbsp; Per\u00f2 &#8230;qu\u00e8 fem els administradors per a l\u2019economia de mercat i la societat ? Ara us ho diem ras i curt&nbsp; &#8230; Prestem serveis d\u2019administraci\u00f3 i assessorament, de manera habitual, continuada i retribu\u00efda, tant gestionant comunitats de ve\u00efns com administrant eficientment els lloguers dels nostres clients. &nbsp; Som, doncs, professionals especialitzats en el sector immobiliari i experts en el coneixement i aplicaci\u00f3 de la legislaci\u00f3 jur\u00eddica, laboral i administrativa de la propietat immobili\u00e0ria,&nbsp; desenvolupant una activitat de gran valor socioecon\u00f2mic que afecta, de forma directa, positiva, pr\u00e0ctica i quotidiana, a la vida dels ciutadans. Un administrador de finques, reconegut i tutelat pel seu col\u00b7legi, permet als propietaris estar tranquils i tenir la confian\u00e7a que la seva propietat sempre estar\u00e0 en bones mans. Aix\u00ed doncs, ja veieu que el nostre exercici professional comporta una gran responsabilitat i exigeix&nbsp;un elevat nivell de coneixements i unes qualitats personals que la converteixen en una de les professions m\u00e9s dif\u00edcils que existeixen i s\u00ed&#8230;moltes vegades no prou reconeguda.&nbsp; Per\u00f2, permeteu-nos dir vos les cinc raons per les quals les sis fam\u00edlies andreuenques que avui formen FINCAS SAN ANDRES, &nbsp;v\u00e0rem triar aquell lluny\u00e0 1997 per la col\u00b7legiaci\u00f3 i el sotmetiment als protocols d\u2019\u00e8tica, transpar\u00e8ncia, honradesa, efic\u00e0cia i deontologia del CAFBL.&nbsp; 1\u00ba) perqu\u00e8 ens apassiona gestionar immobles amb criteris professionals, essent ben conscients del seu valor com a b\u00e9 d\u2019inversi\u00f3 i estalvi, i en molts casos com a llegat familiar. &nbsp; 2\u00ba) perqu\u00e8 ens sentim amb el lideratge necessari per a mediar i solucionar conflictes entre els ve\u00efns d\u2019una comunitats de propietaris, aix\u00ed com entre els arrendadors i els seus llogaters. &nbsp; 3\u00ba) perqu\u00e8 creiem en la llei com la guia que ens permet evitar litigis. &nbsp; 4\u00ba) perqu\u00e8 sabem com conservar les propietats, ocupant-nos del manteniment de les finques per a millorar la seva rendibilitat &nbsp; 5\u00ba) perqu\u00e8 gestionant eficientment el lloguer, sota el control i empara de &nbsp;l\u2019Incasol, GARANTIM LA BONA SORT de tots els contractes que formalitzem, assegurant cada mes el cobrament i vetllant any rere any per l\u2019actualitzaci\u00f3 de les rendes. &nbsp; I ara que ja saps que pot fer un Administrador de Finques amb 25 anys de passi\u00f3 immobili\u00e0ria, ens confies el teu patrimoni per a garantir els teus estalvis i assegurar un llegat als teus fills? &nbsp; Miguel Angel ROMERO POLANCO Administrador de Finques col\u00b7legiat des de 1997 AICAT 1436&nbsp; ( Agent Immobiliari Registrat Gencat ) Gerent de FINCAS SAN ANDRES<\/p>\n","protected":false},"author":1,"featured_media":0,"comment_status":"open","ping_status":"open","sticky":false,"template":"","format":"standard","meta":[],"categories":[1,6],"tags":[],"acf":[],"_links":{"self":[{"href":"https:\/\/elcordesantandreu.com\/index.php?rest_route=\/wp\/v2\/posts\/158"}],"collection":[{"href":"https:\/\/elcordesantandreu.com\/index.php?rest_route=\/wp\/v2\/posts"}],"about":[{"href":"https:\/\/elcordesantandreu.com\/index.php?rest_route=\/wp\/v2\/types\/post"}],"author":[{"embeddable":true,"href":"https:\/\/elcordesantandreu.com\/index.php?rest_route=\/wp\/v2\/users\/1"}],"replies":[{"embeddable":true,"href":"https:\/\/elcordesantandreu.com\/index.php?rest_route=%2Fwp%2Fv2%2Fcomments&post=158"}],"version-history":[{"count":1,"href":"https:\/\/elcordesantandreu.com\/index.php?rest_route=\/wp\/v2\/posts\/158\/revisions"}],"predecessor-version":[{"id":159,"href":"https:\/\/elcordesantandreu.com\/index.php?rest_route=\/wp\/v2\/posts\/158\/revisions\/159"}],"wp:attachment":[{"href":"https:\/\/elcordesantandreu.com\/index.php?rest_route=%2Fwp%2Fv2%2Fmedia&parent=158"}],"wp:term":[{"taxonomy":"category","embeddable":true,"href":"https:\/\/elcordesantandreu.com\/index.php?rest_route=%2Fwp%2Fv2%2Fcategories&post=158"},{"taxonomy":"post_tag","embeddable":true,"href":"https:\/\/elcordesantandreu.com\/index.php?rest_route=%2Fwp%2Fv2%2Ftags&post=158"}],"curies":[{"name":"wp","href":"https:\/\/api.w.org\/{rel}","templated":true}]}}